{"id":38879,"date":"2026-04-27T13:10:40","date_gmt":"2026-04-27T11:10:40","guid":{"rendered":"https:\/\/aquileaonbalance.com\/?p=38879"},"modified":"2026-04-27T13:10:40","modified_gmt":"2026-04-27T11:10:40","slug":"que-es-la-astenia-primaveral-y-como-superarla","status":"publish","type":"post","link":"https:\/\/aquileaonbalance.com\/es\/que-es-la-astenia-primaveral-y-como-superarla\/","title":{"rendered":"Qu\u00e9 es la astenia primaveral y c\u00f3mo superarla"},"content":{"rendered":"<h2><strong>\u00bfQu\u00e9 es la astenia primaveral y por qu\u00e9 aparece?<\/strong><\/h2>\n<p>Son muchas las personas que, con la <strong>llegada de la primavera<\/strong>, experimentan sensaciones persistentes de <strong>cansancio, falta de energ\u00eda y dificultad para concentrarse<\/strong>. Igualmente, que los d\u00edas son m\u00e1s largos y las temperaturas empiezan a ser m\u00e1s agradables, el cuerpo no siempre responde con la mayor vitalidad.<\/p>\n<p>Este fen\u00f3meno es conocido como <strong>astenia primaveral, <\/strong>un suceso m\u00e1s com\u00fan del que parece y suele estar relacionado con los cambios de clima, de luz solar y produce un estado de fatiga y debilidad generalizada, tanto f\u00edsica como psicol\u00f3gica.<\/p>\n<p>La <strong>astenia primaveral<\/strong> sucede cuando el cuerpo se intenta adaptar a los cambios estacionales, en este caso, al aumento de luz solar y las temporadas m\u00e1s c\u00e1lidas. De esta manera, nuestro organismo reacciona a las variaciones ambientales.<\/p>\n<p>Es por esto que nuestro cuerpo necesita un <strong>periodo de adaptaci\u00f3n para poder adaptarse a esta nueva temporada<\/strong>. Esta adaptaci\u00f3n, por ende, puede traducirse a nuestro cuerpo en una sensaci\u00f3n de agotamiento general.<\/p>\n<h2><strong>S\u00edntomas m\u00e1s comunes de la astenia primaveral:<\/strong><\/h2>\n<p>Los<strong> s\u00edntomas de la astenia primaveral <\/strong>pueden variar de una persona a otra, tanto en intensidad como en duraci\u00f3n. Los s\u00edntomas m\u00e1s habituales en esta temporada son:<\/p>\n<ul>\n<li>Cansancio f\u00edsico y mental.<\/li>\n<li>Falta de energ\u00eda y motivaci\u00f3n.<\/li>\n<li>Dificultad para concentrarse.<\/li>\n<li>Dificultad para conciliar el sue\u00f1o o insomnio.<\/li>\n<li>Irritabilidad o cambios de humor.<\/li>\n<li>Sensaci\u00f3n de debilidad general.<\/li>\n<li>Perdida del apetito y de la sensaci\u00f3n de sed.<\/li>\n<\/ul>\n<p>Los s\u00edntomas de la astenia primaveral <strong>suelen desaparecer de forma progresiva<\/strong> en unas semanas, a medida que el organismo se adapta al nuevo ritmo estacional.<\/p>\n<h2><strong>\u00bfC\u00f3mo aliviar los efectos de la astenia primaveral?<\/strong><\/h2>\n<p>\u00bfTe preguntas c\u00f3mo <strong>combatir la astenia primaveral<\/strong>? La respuesta est\u00e1 aportar un apoyo extra a tu cuerpo siguiendo una rutina equilibrada y una dieta variada, entre otros. Adem\u00e1s, se puede optar por suplementos naturales adecuados, en caso de que se sienta necesario o un especialista m\u00e9dico lo haya recomendado.<\/p>\n<p>Algunas de nuestras recomendaciones para aliviar los efectos de la astenia primaveral ser\u00edan:<\/p>\n<ul>\n<li><strong>Alimentaci\u00f3n equilibrada y variada<\/strong>: Mantener una dieta rica en frutas, verduras y alimentos frescos y evitar el exceso de comidas hipercal\u00f3ricas. Asimismo, los carbohidratos y grasas saludables tambi\u00e9n son esenciales para el buen funcionamiento hormonal y celular.<\/li>\n<li><strong>Realizar actividad f\u00edsica moderada<\/strong>: Ya sea en casa, en el gimnasio o al aire libre, esto puede facilitar la adaptaci\u00f3n del organismo a estos cambios. Con media hora o una hora al d\u00eda de ejercicio moderado, podr\u00e1s tonificar el cuerpo, activarlo y reducir la apat\u00eda o falta de energ\u00eda.<\/li>\n<li><strong>Mantener una rutina de sue\u00f1o estable<\/strong>: Dormir entre 7 y 8 horas diarias, respetando los horarios regulares del cuerpo, es esencial para la adaptaci\u00f3n a los cambios en primavera.<\/li>\n<li><strong>Hidrataci\u00f3n adecuada:<\/strong> Esto es clave para poder afrontar el aumento de las temperaturas. Adem\u00e1s, cuando suben las temperaturas, podemos estar perdiendo m\u00e1s agua de lo habitual a trav\u00e9s del sudor.<\/li>\n<\/ul>\n<p>Estos peque\u00f1os ajustes pueden ayudar a reducir la sensaci\u00f3n de fatiga y mejorar el bienestar general en la primavera.<\/p>\n<h2><strong>H\u00e1bitos y rutinas para adaptarse mejor al cambio de estaci\u00f3n<\/strong><\/h2>\n<p>Adoptar h\u00e1bitos saludables es fundamental para minimizar el impacto de la astenia primaveral y recuperar la vitalidad. Algunas de las rutinas recomendadas para favorecer la adaptaci\u00f3n de nuestro cuerpo a la primavera ser\u00edan:<\/p>\n<ul>\n<li>Exponerse a la luz natural por la ma\u00f1ana y de esta manera regular el reloj biol\u00f3gico.<\/li>\n<li>Establecer rutinas diarias estables de sue\u00f1o y comidas.<\/li>\n<li>Incorporar momentos de descanso y desconexi\u00f3n mental durante el d\u00eda.<\/li>\n<li>Practicar t\u00e9cnicas de relajaci\u00f3n o respiraci\u00f3n consciente.<\/li>\n<\/ul>\n<p>Adem\u00e1s, es clave escuchar a tu cuerpo y respetar sus tiempos de adaptaci\u00f3n, para afrontar con \u00e9xito esta etapa y disfrutar plenamente de la primavera, con m\u00e1s energ\u00eda y equilibrio.<\/p>\n","protected":false},"excerpt":{"rendered":"<p>\u00bfQu\u00e9 es la astenia primaveral y por qu\u00e9 aparece? Son muchas las personas que, con la llegada de la primavera, experimentan sensaciones persistentes de cansancio, falta de energ\u00eda y dificultad para concentrarse. Igualmente, que los d\u00edas son m\u00e1s largos y las temperaturas empiezan a ser m\u00e1s agradables, el cuerpo no siempre responde con la mayor [&hellip;]<\/p>\n","protected":false},"author":12,"featured_media":38881,"comment_status":"open","ping_status":"open","sticky":false,"template":"","format":"standard","meta":{"_acf_changed":false,"footnotes":""},"categories":[39,1,40,37],"tags":[111,191,192],"class_list":["post-38879","post","type-post","status-publish","format-standard","has-post-thumbnail","hentry","category-focus","category-relax","category-sleep","category-smile","tag-aquilea-onbalance","tag-astenia-primaveral","tag-cambio-de-estacion"],"acf":[],"yoast_head":"<!-- This site is optimized with the Yoast SEO plugin v27.1 - https:\/\/yoast.com\/product\/yoast-seo-wordpress\/ -->\n<title>Qu\u00e9 es la astenia primaveral y c\u00f3mo superarla - Aquilea OnBalance<\/title>\n<meta name=\"description\" content=\"La astenia primaveral suele estar relacionada con los cambios de clima, de luz solar y produce un estado de fatiga y debilidad generalizada.\" \/>\n<meta name=\"robots\" content=\"index, follow, max-snippet:-1, max-image-preview:large, max-video-preview:-1\" \/>\n<link rel=\"canonical\" href=\"https:\/\/aquileaonbalance.com\/es\/que-es-la-astenia-primaveral-y-como-superarla\/\" \/>\n<meta property=\"og:locale\" content=\"es_ES\" \/>\n<meta property=\"og:type\" content=\"article\" \/>\n<meta property=\"og:title\" content=\"Qu\u00e9 es la astenia primaveral y c\u00f3mo superarla - Aquilea OnBalance\" \/>\n<meta property=\"og:description\" content=\"La astenia primaveral suele estar relacionada con los cambios de clima, de luz solar y produce un estado de fatiga y debilidad generalizada.\" \/>\n<meta property=\"og:url\" content=\"https:\/\/aquileaonbalance.com\/es\/que-es-la-astenia-primaveral-y-como-superarla\/\" \/>\n<meta property=\"og:site_name\" content=\"Aquilea OnBalance\" \/>\n<meta property=\"article:published_time\" content=\"2026-04-27T11:10:40+00:00\" \/>\n<meta property=\"og:image\" content=\"https:\/\/aquileaonbalance.com\/wp-content\/uploads\/2026\/04\/MAR_BLOG_OB.jpg\" \/>\n\t<meta property=\"og:image:width\" content=\"1532\" \/>\n\t<meta property=\"og:image:height\" content=\"736\" \/>\n\t<meta property=\"og:image:type\" content=\"image\/jpeg\" \/>\n<meta name=\"author\" content=\"Maria Ribe\" \/>\n<meta name=\"twitter:card\" content=\"summary_large_image\" \/>\n<meta name=\"twitter:label1\" content=\"Escrito por\" \/>\n\t<meta name=\"twitter:data1\" content=\"Maria Ribe\" \/>\n\t<meta name=\"twitter:label2\" content=\"Tiempo de lectura\" \/>\n\t<meta name=\"twitter:data2\" content=\"3 minutos\" \/>\n<script type=\"application\/ld+json\" class=\"yoast-schema-graph\">{\"@context\":\"https:\/\/schema.org\",\"@graph\":[{\"@type\":\"Article\",\"@id\":\"https:\/\/aquileaonbalance.com\/es\/que-es-la-astenia-primaveral-y-como-superarla\/#article\",\"isPartOf\":{\"@id\":\"https:\/\/aquileaonbalance.com\/es\/que-es-la-astenia-primaveral-y-como-superarla\/\"},\"author\":{\"name\":\"Maria Ribe\",\"@id\":\"https:\/\/aquileaonbalance.com\/es\/#\/schema\/person\/f237f80071028dbd37778dbb62fdf257\"},\"headline\":\"Qu\u00e9 es la astenia primaveral y c\u00f3mo superarla\",\"datePublished\":\"2026-04-27T11:10:40+00:00\",\"mainEntityOfPage\":{\"@id\":\"https:\/\/aquileaonbalance.com\/es\/que-es-la-astenia-primaveral-y-como-superarla\/\"},\"wordCount\":682,\"commentCount\":0,\"publisher\":{\"@id\":\"https:\/\/aquileaonbalance.com\/es\/#organization\"},\"image\":{\"@id\":\"https:\/\/aquileaonbalance.com\/es\/que-es-la-astenia-primaveral-y-como-superarla\/#primaryimage\"},\"thumbnailUrl\":\"https:\/\/aquileaonbalance.com\/wp-content\/uploads\/2026\/04\/MAR_BLOG_OB.jpg\",\"keywords\":[\"aquilea onbalance\",\"astenia primaveral\",\"cambio de estaci\u00f3n\"],\"articleSection\":[\"Focus\",\"Relax\",\"Sleep\",\"Smile\"],\"inLanguage\":\"es\",\"potentialAction\":[{\"@type\":\"CommentAction\",\"name\":\"Comment\",\"target\":[\"https:\/\/aquileaonbalance.com\/es\/que-es-la-astenia-primaveral-y-como-superarla\/#respond\"]}]},{\"@type\":\"WebPage\",\"@id\":\"https:\/\/aquileaonbalance.com\/es\/que-es-la-astenia-primaveral-y-como-superarla\/\",\"url\":\"https:\/\/aquileaonbalance.com\/es\/que-es-la-astenia-primaveral-y-como-superarla\/\",\"name\":\"Qu\u00e9 es la astenia primaveral y c\u00f3mo superarla - Aquilea OnBalance\",\"isPartOf\":{\"@id\":\"https:\/\/aquileaonbalance.com\/es\/#website\"},\"primaryImageOfPage\":{\"@id\":\"https:\/\/aquileaonbalance.com\/es\/que-es-la-astenia-primaveral-y-como-superarla\/#primaryimage\"},\"image\":{\"@id\":\"https:\/\/aquileaonbalance.com\/es\/que-es-la-astenia-primaveral-y-como-superarla\/#primaryimage\"},\"thumbnailUrl\":\"https:\/\/aquileaonbalance.com\/wp-content\/uploads\/2026\/04\/MAR_BLOG_OB.jpg\",\"datePublished\":\"2026-04-27T11:10:40+00:00\",\"description\":\"La astenia primaveral suele estar relacionada con los cambios de clima, de luz solar y produce un estado de fatiga y debilidad generalizada.\",\"breadcrumb\":{\"@id\":\"https:\/\/aquileaonbalance.com\/es\/que-es-la-astenia-primaveral-y-como-superarla\/#breadcrumb\"},\"inLanguage\":\"es\",\"potentialAction\":[{\"@type\":\"ReadAction\",\"target\":[\"https:\/\/aquileaonbalance.com\/es\/que-es-la-astenia-primaveral-y-como-superarla\/\"]}]},{\"@type\":\"ImageObject\",\"inLanguage\":\"es\",\"@id\":\"https:\/\/aquileaonbalance.com\/es\/que-es-la-astenia-primaveral-y-como-superarla\/#primaryimage\",\"url\":\"https:\/\/aquileaonbalance.com\/wp-content\/uploads\/2026\/04\/MAR_BLOG_OB.jpg\",\"contentUrl\":\"https:\/\/aquileaonbalance.com\/wp-content\/uploads\/2026\/04\/MAR_BLOG_OB.jpg\",\"width\":1532,\"height\":736,\"caption\":\"Mujer con astenia primaveral\"},{\"@type\":\"BreadcrumbList\",\"@id\":\"https:\/\/aquileaonbalance.com\/es\/que-es-la-astenia-primaveral-y-como-superarla\/#breadcrumb\",\"itemListElement\":[{\"@type\":\"ListItem\",\"position\":1,\"name\":\"Portada\",\"item\":\"https:\/\/aquileaonbalance.com\/es\/\"},{\"@type\":\"ListItem\",\"position\":2,\"name\":\"Qu\u00e9 es la astenia primaveral y c\u00f3mo superarla\"}]},{\"@type\":\"WebSite\",\"@id\":\"https:\/\/aquileaonbalance.com\/es\/#website\",\"url\":\"https:\/\/aquileaonbalance.com\/es\/\",\"name\":\"Aquilea OnBalance\",\"description\":\"\",\"publisher\":{\"@id\":\"https:\/\/aquileaonbalance.com\/es\/#organization\"},\"potentialAction\":[{\"@type\":\"SearchAction\",\"target\":{\"@type\":\"EntryPoint\",\"urlTemplate\":\"https:\/\/aquileaonbalance.com\/es\/?s={search_term_string}\"},\"query-input\":{\"@type\":\"PropertyValueSpecification\",\"valueRequired\":true,\"valueName\":\"search_term_string\"}}],\"inLanguage\":\"es\"},{\"@type\":\"Organization\",\"@id\":\"https:\/\/aquileaonbalance.com\/es\/#organization\",\"name\":\"On Balance\",\"url\":\"https:\/\/aquileaonbalance.com\/es\/\",\"logo\":{\"@type\":\"ImageObject\",\"inLanguage\":\"es\",\"@id\":\"https:\/\/aquileaonbalance.com\/es\/#\/schema\/logo\/image\/\",\"url\":\"https:\/\/aquileaonbalance.com\/wp-content\/uploads\/2024\/11\/logo.png\",\"contentUrl\":\"https:\/\/aquileaonbalance.com\/wp-content\/uploads\/2024\/11\/logo.png\",\"width\":501,\"height\":184,\"caption\":\"On Balance\"},\"image\":{\"@id\":\"https:\/\/aquileaonbalance.com\/es\/#\/schema\/logo\/image\/\"},\"sameAs\":[\"https:\/\/www.instagram.com\/onbalance_es\/\"]},{\"@type\":\"Person\",\"@id\":\"https:\/\/aquileaonbalance.com\/es\/#\/schema\/person\/f237f80071028dbd37778dbb62fdf257\",\"name\":\"Maria Ribe\",\"image\":{\"@type\":\"ImageObject\",\"inLanguage\":\"es\",\"@id\":\"https:\/\/aquileaonbalance.com\/es\/#\/schema\/person\/image\/\",\"url\":\"https:\/\/secure.gravatar.com\/avatar\/a49c78c739bd1059e3813246cc23eb8b2819e79e92266ff39da4669a19880d2f?s=96&d=mm&r=g\",\"contentUrl\":\"https:\/\/secure.gravatar.com\/avatar\/a49c78c739bd1059e3813246cc23eb8b2819e79e92266ff39da4669a19880d2f?s=96&d=mm&r=g\",\"caption\":\"Maria Ribe\"},\"url\":\"https:\/\/aquileaonbalance.com\/es\/author\/mribe\/\"}]}<\/script>\n<!-- \/ Yoast SEO plugin. -->","yoast_head_json":{"title":"Qu\u00e9 es la astenia primaveral y c\u00f3mo superarla - Aquilea OnBalance","description":"La astenia primaveral suele estar relacionada con los cambios de clima, de luz solar y produce un estado de fatiga y debilidad generalizada.","robots":{"index":"index","follow":"follow","max-snippet":"max-snippet:-1","max-image-preview":"max-image-preview:large","max-video-preview":"max-video-preview:-1"},"canonical":"https:\/\/aquileaonbalance.com\/es\/que-es-la-astenia-primaveral-y-como-superarla\/","og_locale":"es_ES","og_type":"article","og_title":"Qu\u00e9 es la astenia primaveral y c\u00f3mo superarla - Aquilea OnBalance","og_description":"La astenia primaveral suele estar relacionada con los cambios de clima, de luz solar y produce un estado de fatiga y debilidad generalizada.","og_url":"https:\/\/aquileaonbalance.com\/es\/que-es-la-astenia-primaveral-y-como-superarla\/","og_site_name":"Aquilea OnBalance","article_published_time":"2026-04-27T11:10:40+00:00","og_image":[{"width":1532,"height":736,"url":"https:\/\/aquileaonbalance.com\/wp-content\/uploads\/2026\/04\/MAR_BLOG_OB.jpg","type":"image\/jpeg"}],"author":"Maria Ribe","twitter_card":"summary_large_image","twitter_misc":{"Escrito por":"Maria Ribe","Tiempo de lectura":"3 minutos"},"schema":{"@context":"https:\/\/schema.org","@graph":[{"@type":"Article","@id":"https:\/\/aquileaonbalance.com\/es\/que-es-la-astenia-primaveral-y-como-superarla\/#article","isPartOf":{"@id":"https:\/\/aquileaonbalance.com\/es\/que-es-la-astenia-primaveral-y-como-superarla\/"},"author":{"name":"Maria Ribe","@id":"https:\/\/aquileaonbalance.com\/es\/#\/schema\/person\/f237f80071028dbd37778dbb62fdf257"},"headline":"Qu\u00e9 es la astenia primaveral y c\u00f3mo superarla","datePublished":"2026-04-27T11:10:40+00:00","mainEntityOfPage":{"@id":"https:\/\/aquileaonbalance.com\/es\/que-es-la-astenia-primaveral-y-como-superarla\/"},"wordCount":682,"commentCount":0,"publisher":{"@id":"https:\/\/aquileaonbalance.com\/es\/#organization"},"image":{"@id":"https:\/\/aquileaonbalance.com\/es\/que-es-la-astenia-primaveral-y-como-superarla\/#primaryimage"},"thumbnailUrl":"https:\/\/aquileaonbalance.com\/wp-content\/uploads\/2026\/04\/MAR_BLOG_OB.jpg","keywords":["aquilea onbalance","astenia primaveral","cambio de estaci\u00f3n"],"articleSection":["Focus","Relax","Sleep","Smile"],"inLanguage":"es","potentialAction":[{"@type":"CommentAction","name":"Comment","target":["https:\/\/aquileaonbalance.com\/es\/que-es-la-astenia-primaveral-y-como-superarla\/#respond"]}]},{"@type":"WebPage","@id":"https:\/\/aquileaonbalance.com\/es\/que-es-la-astenia-primaveral-y-como-superarla\/","url":"https:\/\/aquileaonbalance.com\/es\/que-es-la-astenia-primaveral-y-como-superarla\/","name":"Qu\u00e9 es la astenia primaveral y c\u00f3mo superarla - Aquilea OnBalance","isPartOf":{"@id":"https:\/\/aquileaonbalance.com\/es\/#website"},"primaryImageOfPage":{"@id":"https:\/\/aquileaonbalance.com\/es\/que-es-la-astenia-primaveral-y-como-superarla\/#primaryimage"},"image":{"@id":"https:\/\/aquileaonbalance.com\/es\/que-es-la-astenia-primaveral-y-como-superarla\/#primaryimage"},"thumbnailUrl":"https:\/\/aquileaonbalance.com\/wp-content\/uploads\/2026\/04\/MAR_BLOG_OB.jpg","datePublished":"2026-04-27T11:10:40+00:00","description":"La astenia primaveral suele estar relacionada con los cambios de clima, de luz solar y produce un estado de fatiga y debilidad generalizada.","breadcrumb":{"@id":"https:\/\/aquileaonbalance.com\/es\/que-es-la-astenia-primaveral-y-como-superarla\/#breadcrumb"},"inLanguage":"es","potentialAction":[{"@type":"ReadAction","target":["https:\/\/aquileaonbalance.com\/es\/que-es-la-astenia-primaveral-y-como-superarla\/"]}]},{"@type":"ImageObject","inLanguage":"es","@id":"https:\/\/aquileaonbalance.com\/es\/que-es-la-astenia-primaveral-y-como-superarla\/#primaryimage","url":"https:\/\/aquileaonbalance.com\/wp-content\/uploads\/2026\/04\/MAR_BLOG_OB.jpg","contentUrl":"https:\/\/aquileaonbalance.com\/wp-content\/uploads\/2026\/04\/MAR_BLOG_OB.jpg","width":1532,"height":736,"caption":"Mujer con astenia primaveral"},{"@type":"BreadcrumbList","@id":"https:\/\/aquileaonbalance.com\/es\/que-es-la-astenia-primaveral-y-como-superarla\/#breadcrumb","itemListElement":[{"@type":"ListItem","position":1,"name":"Portada","item":"https:\/\/aquileaonbalance.com\/es\/"},{"@type":"ListItem","position":2,"name":"Qu\u00e9 es la astenia primaveral y c\u00f3mo superarla"}]},{"@type":"WebSite","@id":"https:\/\/aquileaonbalance.com\/es\/#website","url":"https:\/\/aquileaonbalance.com\/es\/","name":"Aquilea OnBalance","description":"","publisher":{"@id":"https:\/\/aquileaonbalance.com\/es\/#organization"},"potentialAction":[{"@type":"SearchAction","target":{"@type":"EntryPoint","urlTemplate":"https:\/\/aquileaonbalance.com\/es\/?s={search_term_string}"},"query-input":{"@type":"PropertyValueSpecification","valueRequired":true,"valueName":"search_term_string"}}],"inLanguage":"es"},{"@type":"Organization","@id":"https:\/\/aquileaonbalance.com\/es\/#organization","name":"On Balance","url":"https:\/\/aquileaonbalance.com\/es\/","logo":{"@type":"ImageObject","inLanguage":"es","@id":"https:\/\/aquileaonbalance.com\/es\/#\/schema\/logo\/image\/","url":"https:\/\/aquileaonbalance.com\/wp-content\/uploads\/2024\/11\/logo.png","contentUrl":"https:\/\/aquileaonbalance.com\/wp-content\/uploads\/2024\/11\/logo.png","width":501,"height":184,"caption":"On Balance"},"image":{"@id":"https:\/\/aquileaonbalance.com\/es\/#\/schema\/logo\/image\/"},"sameAs":["https:\/\/www.instagram.com\/onbalance_es\/"]},{"@type":"Person","@id":"https:\/\/aquileaonbalance.com\/es\/#\/schema\/person\/f237f80071028dbd37778dbb62fdf257","name":"Maria Ribe","image":{"@type":"ImageObject","inLanguage":"es","@id":"https:\/\/aquileaonbalance.com\/es\/#\/schema\/person\/image\/","url":"https:\/\/secure.gravatar.com\/avatar\/a49c78c739bd1059e3813246cc23eb8b2819e79e92266ff39da4669a19880d2f?s=96&d=mm&r=g","contentUrl":"https:\/\/secure.gravatar.com\/avatar\/a49c78c739bd1059e3813246cc23eb8b2819e79e92266ff39da4669a19880d2f?s=96&d=mm&r=g","caption":"Maria Ribe"},"url":"https:\/\/aquileaonbalance.com\/es\/author\/mribe\/"}]}},"_links":{"self":[{"href":"https:\/\/aquileaonbalance.com\/es\/wp-json\/wp\/v2\/posts\/38879","targetHints":{"allow":["GET"]}}],"collection":[{"href":"https:\/\/aquileaonbalance.com\/es\/wp-json\/wp\/v2\/posts"}],"about":[{"href":"https:\/\/aquileaonbalance.com\/es\/wp-json\/wp\/v2\/types\/post"}],"author":[{"embeddable":true,"href":"https:\/\/aquileaonbalance.com\/es\/wp-json\/wp\/v2\/users\/12"}],"replies":[{"embeddable":true,"href":"https:\/\/aquileaonbalance.com\/es\/wp-json\/wp\/v2\/comments?post=38879"}],"version-history":[{"count":3,"href":"https:\/\/aquileaonbalance.com\/es\/wp-json\/wp\/v2\/posts\/38879\/revisions"}],"predecessor-version":[{"id":38886,"href":"https:\/\/aquileaonbalance.com\/es\/wp-json\/wp\/v2\/posts\/38879\/revisions\/38886"}],"wp:featuredmedia":[{"embeddable":true,"href":"https:\/\/aquileaonbalance.com\/es\/wp-json\/wp\/v2\/media\/38881"}],"wp:attachment":[{"href":"https:\/\/aquileaonbalance.com\/es\/wp-json\/wp\/v2\/media?parent=38879"}],"wp:term":[{"taxonomy":"category","embeddable":true,"href":"https:\/\/aquileaonbalance.com\/es\/wp-json\/wp\/v2\/categories?post=38879"},{"taxonomy":"post_tag","embeddable":true,"href":"https:\/\/aquileaonbalance.com\/es\/wp-json\/wp\/v2\/tags?post=38879"}],"curies":[{"name":"wp","href":"https:\/\/api.w.org\/{rel}","templated":true}]}}