{"id":25052,"date":"2024-11-23T18:08:22","date_gmt":"2024-11-23T17:08:22","guid":{"rendered":"https:\/\/aquileaonbalance.com\/la-relacion-entre-el-estres-y-la-calidad-del-sueno\/"},"modified":"2025-02-07T13:31:00","modified_gmt":"2025-02-07T12:31:00","slug":"a-relacao-entre-o-stress-e-a-qualidade-do-sono","status":"publish","type":"post","link":"https:\/\/aquileaonbalance.com\/pt-pt\/a-relacao-entre-o-stress-e-a-qualidade-do-sono\/","title":{"rendered":"A rela\u00e7\u00e3o entre o stress e a qualidade do sono"},"content":{"rendered":"<p>Alguma vez lhe aconteceu, depois de um dia stressante, n\u00e3o conseguir dormir bem? A rela\u00e7\u00e3o entre o <em>stress<\/em> e a qualidade do sono \u00e9 muito mais profunda do que parece e pode tornar-se um ciclo dif\u00edcil de quebrar. Compreender a forma como estes dois fatores interagem \u00e9 fundamental para melhorar o descanso e o bem-estar geral.<\/p>\n<p>Quando estamos sob <em>stress<\/em>, o nosso corpo entra num estado de alerta. Os n\u00edveis de cortisol, conhecidos como a \u201chormona do <em>stress<\/em>\u201d, aumentam, preparando o organismo para lidar com o que considera ser uma amea\u00e7a. Embora esta resposta seja \u00fatil em situa\u00e7\u00f5es pontuais, quando prolongada, pode interferir com processos essenciais como o sono.<\/p>\n<h2>Como o <em>stress<\/em> afeta o sono<\/h2>\n<p>O impacto do <em>stress<\/em> no sono pode manifestar-se de v\u00e1rias formas:<\/p>\n<ul>\n<li>Dificuldade em adormecer: quando nos sentimos stressados, a nossa mente tende a encher-se de pensamentos intrusivos e preocupa\u00e7\u00f5es, o que nos faz dar nas voltas na cama numa luta para desligar.<\/li>\n<li>Sono interrompido: mesmo que consiga adormecer, acorda v\u00e1rias vezes durante a noite, muitas vezes devido a um estado de alerta elevado causado pelo <em>stress<\/em>.<\/li>\n<li>Cansa\u00e7o durante o dia: a falta de um sono reparador afeta a sua energia, a concentra\u00e7\u00e3o e a produtividade, o que, por sua vez, pode aumentar a sensa\u00e7\u00e3o de <em>stress<\/em>.<\/li>\n<\/ul>\n<p>Este ciclo pode ser dif\u00edcil de quebrar, uma vez que a falta de sono tamb\u00e9m amplifica a resposta ao <em>stress<\/em>, criando um ciclo vicioso que afeta tanto a sa\u00fade f\u00edsica como mental.<\/p>\n<h2>Impactos de longo prazo<\/h2>\n<p>Quando o <em>stress<\/em> e os problemas de sono s\u00e3o prolongados, os efeitos podem ir al\u00e9m da fadiga di\u00e1ria. A combina\u00e7\u00e3o dos dois pode debilitar o sistema imunit\u00e1rio, aumentar o risco de doen\u00e7as cardiovasculares e afetar o equil\u00edbrio emocional. Al\u00e9m disso, a falta de sono afeta a capacidade do c\u00e9rebro de processar emo\u00e7\u00f5es e resolver problemas, o que pode intensificar ainda mais a sensa\u00e7\u00e3o de estarmos sobrecarregados.<\/p>\n<h2>Estrat\u00e9gias para melhorar o sono em momentos de <em>stress<\/em><\/h2>\n<p>Felizmente, existem muitas formas de abordar esta rela\u00e7\u00e3o e melhorar o descanso, mesmo em alturas de <em>stress<\/em>. Eis algumas estrat\u00e9gias pr\u00e1ticas que o podem ajudar:<\/p>\n<h3>1. Estabele\u00e7a uma rotina noturna relaxante<\/h3>\n<p>Dedique os \u00faltimos 30 minutos antes de se deitar a fazer atividades relaxantes. Ler um livro, tomar um banho quente ou praticar exerc\u00edcios de respira\u00e7\u00e3o pode ajud\u00e1-lo a preparar a mente e o corpo para o sono. Evite utilizar dispositivos eletr\u00f3nicos, pois a luz azul dos ecr\u00e3s pode interferir na produ\u00e7\u00e3o de melatonina, a hormona que regula o sono.<\/p>\n<h3>2. Reduza o consumo de estimulantes<\/h3>\n<p>A cafe\u00edna, a nicotina e outros estimulantes podem mant\u00ea-lo acordado mais tempo do que deseja. Procure evitar estas subst\u00e2ncias, pelo menos, quatro horas antes de se deitar. Em seu lugar, opte por ch\u00e1s de ervas relaxantes, como ch\u00e1 de camomila, valeriana ou lavanda.<\/p>\n<h3>3. Experimente fazer medita\u00e7\u00e3o guiada ou exerc\u00edcios de relaxamento<\/h3>\n<p>A medita\u00e7\u00e3o guiada, o relaxamento muscular progressivo ou mesmo o ioga ligeiro podem ser ferramentas \u00fateis para acalmar a mente antes de dormir. Estas pr\u00e1ticas ajudam a reduzir a atividade do sistema nervoso e estimulam uma resposta de relaxamento, facilitando o adormecimento.<\/p>\n<h3>4. Crie um ambiente prop\u00edcio ao repouso<\/h3>\n<p>Certifique-se de que o seu quarto foi concebido para favorecer o sono. Isto inclui manter o quarto escuro, arejado e silencioso. Se o ru\u00eddo for um problema, considere a possibilidade de utilizar m\u00e1quinas de ru\u00eddo branco ou tamp\u00f5es para os ouvidos. Tamb\u00e9m \u00e9 importante investir num colch\u00e3o confort\u00e1vel e em almofadas confort\u00e1veis que permitam uma postura correta enquanto dorme.<\/p>\n<h3>5. Fa\u00e7a exerc\u00edcio f\u00edsico regular<\/h3>\n<p>A pr\u00e1tica regular de exerc\u00edcio f\u00edsico \u00e9 uma excelente forma de combater o <em>stress<\/em> e melhorar a qualidade do sono. Mesmo uma caminhada di\u00e1ria de 30 minutos pode fazer uma grande diferen\u00e7a. Evite, no entanto, exerc\u00edcios intensos antes de dormir, pois isso pode ter o efeito contr\u00e1rio.<\/p>\n<h2>Porque \u00e9 que \u00e9 importante quebrar o ciclo<\/h2>\n<p>Gerir o <em>stress<\/em> \u00e9 essencial n\u00e3o s\u00f3 para melhorar a qualidade do sono, mas tamb\u00e9m para manter uma boa sa\u00fade geral. Um descanso adequado permite que o corpo recupere, fortalece o sistema imunit\u00e1rio e prepara a mente para enfrentar os desafios do dia seguinte com energia e clareza mental.<\/p>\n<p>O <em>stress<\/em> e o sono est\u00e3o profundamente ligados, mas com as estrat\u00e9gias certas, \u00e9 poss\u00edvel melhorar ambos os aspetos da sua vida. Se dedicar algum tempo a cuidar do seu descanso e adotar h\u00e1bitos que reduzam o <em>stress<\/em>, poder\u00e1 sair do ciclo vicioso e desfrutar de noites mais reparadoras. Lembre-se que um sono de qualidade n\u00e3o \u00e9 apenas um luxo, mas uma necessidade fundamental para a sua sa\u00fade e felicidade.<\/p>\n","protected":false},"excerpt":{"rendered":"<p>Alguma vez lhe aconteceu, depois de um dia stressante, n\u00e3o conseguir dormir bem? A rela\u00e7\u00e3o entre o stress e a qualidade do sono \u00e9 muito mais profunda do que parece e pode tornar-se um ciclo dif\u00edcil de quebrar. Compreender a forma como estes dois fatores interagem \u00e9 fundamental para melhorar o descanso e o bem-estar [&hellip;]<\/p>\n","protected":false},"author":1,"featured_media":5487,"comment_status":"open","ping_status":"open","sticky":false,"template":"","format":"standard","meta":{"_acf_changed":false,"footnotes":""},"categories":[80],"tags":[],"class_list":["post-25052","post","type-post","status-publish","format-standard","has-post-thumbnail","hentry","category-sleep-pt"],"acf":[],"yoast_head":"<!-- This site is optimized with the Yoast SEO plugin v27.1 - https:\/\/yoast.com\/product\/yoast-seo-wordpress\/ -->\n<title>A rela\u00e7\u00e3o entre o stress e a qualidade do sono - Aquilea OnBalance<\/title>\n<meta name=\"robots\" content=\"index, follow, max-snippet:-1, max-image-preview:large, max-video-preview:-1\" \/>\n<link rel=\"canonical\" href=\"https:\/\/aquileaonbalance.com\/pt-pt\/a-relacao-entre-o-stress-e-a-qualidade-do-sono\/\" \/>\n<meta property=\"og:locale\" content=\"pt_PT\" \/>\n<meta property=\"og:type\" content=\"article\" \/>\n<meta property=\"og:title\" content=\"A rela\u00e7\u00e3o entre o stress e a qualidade do sono - Aquilea OnBalance\" \/>\n<meta property=\"og:description\" content=\"Alguma vez lhe aconteceu, depois de um dia stressante, n\u00e3o conseguir dormir bem? A rela\u00e7\u00e3o entre o stress e a qualidade do sono \u00e9 muito mais profunda do que parece e pode tornar-se um ciclo dif\u00edcil de quebrar. Compreender a forma como estes dois fatores interagem \u00e9 fundamental para melhorar o descanso e o bem-estar [&hellip;]\" \/>\n<meta property=\"og:url\" content=\"https:\/\/aquileaonbalance.com\/pt-pt\/a-relacao-entre-o-stress-e-a-qualidade-do-sono\/\" \/>\n<meta property=\"og:site_name\" content=\"Aquilea OnBalance\" \/>\n<meta property=\"article:published_time\" content=\"2024-11-23T17:08:22+00:00\" \/>\n<meta property=\"article:modified_time\" content=\"2025-02-07T12:31:00+00:00\" \/>\n<meta property=\"og:image\" content=\"https:\/\/aquileaonbalance.com\/wp-content\/uploads\/2024\/11\/SLEEP-estres-calidad-sue\u0e04o.jpg\" \/>\n\t<meta property=\"og:image:width\" content=\"1500\" \/>\n\t<meta property=\"og:image:height\" content=\"935\" \/>\n\t<meta property=\"og:image:type\" content=\"image\/jpeg\" \/>\n<meta name=\"author\" content=\"OnBalance\" \/>\n<meta name=\"twitter:card\" content=\"summary_large_image\" \/>\n<meta name=\"twitter:label1\" content=\"Escrito por\" \/>\n\t<meta name=\"twitter:data1\" content=\"OnBalance\" \/>\n\t<meta name=\"twitter:label2\" content=\"Tempo estimado de leitura\" \/>\n\t<meta name=\"twitter:data2\" content=\"4 minutos\" \/>\n<script type=\"application\/ld+json\" class=\"yoast-schema-graph\">{\"@context\":\"https:\/\/schema.org\",\"@graph\":[{\"@type\":\"Article\",\"@id\":\"https:\/\/aquileaonbalance.com\/pt-pt\/a-relacao-entre-o-stress-e-a-qualidade-do-sono\/#article\",\"isPartOf\":{\"@id\":\"https:\/\/aquileaonbalance.com\/pt-pt\/a-relacao-entre-o-stress-e-a-qualidade-do-sono\/\"},\"author\":{\"name\":\"OnBalance\",\"@id\":\"https:\/\/aquileaonbalance.com\/pt-pt\/#\/schema\/person\/7a6e457e2d79fb2901388b0f5f117d5f\"},\"headline\":\"A rela\u00e7\u00e3o entre o stress e a qualidade do sono\",\"datePublished\":\"2024-11-23T17:08:22+00:00\",\"dateModified\":\"2025-02-07T12:31:00+00:00\",\"mainEntityOfPage\":{\"@id\":\"https:\/\/aquileaonbalance.com\/pt-pt\/a-relacao-entre-o-stress-e-a-qualidade-do-sono\/\"},\"wordCount\":827,\"commentCount\":0,\"publisher\":{\"@id\":\"https:\/\/aquileaonbalance.com\/pt-pt\/#organization\"},\"image\":{\"@id\":\"https:\/\/aquileaonbalance.com\/pt-pt\/a-relacao-entre-o-stress-e-a-qualidade-do-sono\/#primaryimage\"},\"thumbnailUrl\":\"https:\/\/aquileaonbalance.com\/wp-content\/uploads\/2024\/11\/SLEEP-estres-calidad-sue\u0e04o.jpg\",\"articleSection\":[\"Sleep\"],\"inLanguage\":\"pt-PT\",\"potentialAction\":[{\"@type\":\"CommentAction\",\"name\":\"Comment\",\"target\":[\"https:\/\/aquileaonbalance.com\/pt-pt\/a-relacao-entre-o-stress-e-a-qualidade-do-sono\/#respond\"]}]},{\"@type\":\"WebPage\",\"@id\":\"https:\/\/aquileaonbalance.com\/pt-pt\/a-relacao-entre-o-stress-e-a-qualidade-do-sono\/\",\"url\":\"https:\/\/aquileaonbalance.com\/pt-pt\/a-relacao-entre-o-stress-e-a-qualidade-do-sono\/\",\"name\":\"A rela\u00e7\u00e3o entre o stress e a qualidade do sono - Aquilea OnBalance\",\"isPartOf\":{\"@id\":\"https:\/\/aquileaonbalance.com\/pt-pt\/#website\"},\"primaryImageOfPage\":{\"@id\":\"https:\/\/aquileaonbalance.com\/pt-pt\/a-relacao-entre-o-stress-e-a-qualidade-do-sono\/#primaryimage\"},\"image\":{\"@id\":\"https:\/\/aquileaonbalance.com\/pt-pt\/a-relacao-entre-o-stress-e-a-qualidade-do-sono\/#primaryimage\"},\"thumbnailUrl\":\"https:\/\/aquileaonbalance.com\/wp-content\/uploads\/2024\/11\/SLEEP-estres-calidad-sue\u0e04o.jpg\",\"datePublished\":\"2024-11-23T17:08:22+00:00\",\"dateModified\":\"2025-02-07T12:31:00+00:00\",\"breadcrumb\":{\"@id\":\"https:\/\/aquileaonbalance.com\/pt-pt\/a-relacao-entre-o-stress-e-a-qualidade-do-sono\/#breadcrumb\"},\"inLanguage\":\"pt-PT\",\"potentialAction\":[{\"@type\":\"ReadAction\",\"target\":[\"https:\/\/aquileaonbalance.com\/pt-pt\/a-relacao-entre-o-stress-e-a-qualidade-do-sono\/\"]}]},{\"@type\":\"ImageObject\",\"inLanguage\":\"pt-PT\",\"@id\":\"https:\/\/aquileaonbalance.com\/pt-pt\/a-relacao-entre-o-stress-e-a-qualidade-do-sono\/#primaryimage\",\"url\":\"https:\/\/aquileaonbalance.com\/wp-content\/uploads\/2024\/11\/SLEEP-estres-calidad-sue\u0e04o.jpg\",\"contentUrl\":\"https:\/\/aquileaonbalance.com\/wp-content\/uploads\/2024\/11\/SLEEP-estres-calidad-sue\u0e04o.jpg\",\"width\":1500,\"height\":935},{\"@type\":\"BreadcrumbList\",\"@id\":\"https:\/\/aquileaonbalance.com\/pt-pt\/a-relacao-entre-o-stress-e-a-qualidade-do-sono\/#breadcrumb\",\"itemListElement\":[{\"@type\":\"ListItem\",\"position\":1,\"name\":\"Portada\",\"item\":\"https:\/\/aquileaonbalance.com\/pt-pt\/\"},{\"@type\":\"ListItem\",\"position\":2,\"name\":\"A rela\u00e7\u00e3o entre o stress e a qualidade do sono\"}]},{\"@type\":\"WebSite\",\"@id\":\"https:\/\/aquileaonbalance.com\/pt-pt\/#website\",\"url\":\"https:\/\/aquileaonbalance.com\/pt-pt\/\",\"name\":\"Aquilea OnBalance\",\"description\":\"\",\"publisher\":{\"@id\":\"https:\/\/aquileaonbalance.com\/pt-pt\/#organization\"},\"potentialAction\":[{\"@type\":\"SearchAction\",\"target\":{\"@type\":\"EntryPoint\",\"urlTemplate\":\"https:\/\/aquileaonbalance.com\/pt-pt\/?s={search_term_string}\"},\"query-input\":{\"@type\":\"PropertyValueSpecification\",\"valueRequired\":true,\"valueName\":\"search_term_string\"}}],\"inLanguage\":\"pt-PT\"},{\"@type\":\"Organization\",\"@id\":\"https:\/\/aquileaonbalance.com\/pt-pt\/#organization\",\"name\":\"On Balance\",\"url\":\"https:\/\/aquileaonbalance.com\/pt-pt\/\",\"logo\":{\"@type\":\"ImageObject\",\"inLanguage\":\"pt-PT\",\"@id\":\"https:\/\/aquileaonbalance.com\/pt-pt\/#\/schema\/logo\/image\/\",\"url\":\"https:\/\/aquileaonbalance.com\/wp-content\/uploads\/2024\/11\/logo.png\",\"contentUrl\":\"https:\/\/aquileaonbalance.com\/wp-content\/uploads\/2024\/11\/logo.png\",\"width\":501,\"height\":184,\"caption\":\"On Balance\"},\"image\":{\"@id\":\"https:\/\/aquileaonbalance.com\/pt-pt\/#\/schema\/logo\/image\/\"},\"sameAs\":[\"https:\/\/www.instagram.com\/onbalance_es\/\"]},{\"@type\":\"Person\",\"@id\":\"https:\/\/aquileaonbalance.com\/pt-pt\/#\/schema\/person\/7a6e457e2d79fb2901388b0f5f117d5f\",\"name\":\"OnBalance\",\"image\":{\"@type\":\"ImageObject\",\"inLanguage\":\"pt-PT\",\"@id\":\"https:\/\/aquileaonbalance.com\/pt-pt\/#\/schema\/person\/image\/\",\"url\":\"https:\/\/secure.gravatar.com\/avatar\/96b68193558e92f75b01e403ecd8fcffe514214495130989206f71dcd49afc8c?s=96&d=mm&r=g\",\"contentUrl\":\"https:\/\/secure.gravatar.com\/avatar\/96b68193558e92f75b01e403ecd8fcffe514214495130989206f71dcd49afc8c?s=96&d=mm&r=g\",\"caption\":\"OnBalance\"},\"sameAs\":[\"https:\/\/aquileaonbalance.com\"],\"url\":\"https:\/\/aquileaonbalance.com\/pt-pt\/author\/onbalance\/\"}]}<\/script>\n<!-- \/ Yoast SEO plugin. -->","yoast_head_json":{"title":"A rela\u00e7\u00e3o entre o stress e a qualidade do sono - Aquilea OnBalance","robots":{"index":"index","follow":"follow","max-snippet":"max-snippet:-1","max-image-preview":"max-image-preview:large","max-video-preview":"max-video-preview:-1"},"canonical":"https:\/\/aquileaonbalance.com\/pt-pt\/a-relacao-entre-o-stress-e-a-qualidade-do-sono\/","og_locale":"pt_PT","og_type":"article","og_title":"A rela\u00e7\u00e3o entre o stress e a qualidade do sono - Aquilea OnBalance","og_description":"Alguma vez lhe aconteceu, depois de um dia stressante, n\u00e3o conseguir dormir bem? A rela\u00e7\u00e3o entre o stress e a qualidade do sono \u00e9 muito mais profunda do que parece e pode tornar-se um ciclo dif\u00edcil de quebrar. Compreender a forma como estes dois fatores interagem \u00e9 fundamental para melhorar o descanso e o bem-estar [&hellip;]","og_url":"https:\/\/aquileaonbalance.com\/pt-pt\/a-relacao-entre-o-stress-e-a-qualidade-do-sono\/","og_site_name":"Aquilea OnBalance","article_published_time":"2024-11-23T17:08:22+00:00","article_modified_time":"2025-02-07T12:31:00+00:00","og_image":[{"width":1500,"height":935,"url":"https:\/\/aquileaonbalance.com\/wp-content\/uploads\/2024\/11\/SLEEP-estres-calidad-sue\u0e04o.jpg","type":"image\/jpeg"}],"author":"OnBalance","twitter_card":"summary_large_image","twitter_misc":{"Escrito por":"OnBalance","Tempo estimado de leitura":"4 minutos"},"schema":{"@context":"https:\/\/schema.org","@graph":[{"@type":"Article","@id":"https:\/\/aquileaonbalance.com\/pt-pt\/a-relacao-entre-o-stress-e-a-qualidade-do-sono\/#article","isPartOf":{"@id":"https:\/\/aquileaonbalance.com\/pt-pt\/a-relacao-entre-o-stress-e-a-qualidade-do-sono\/"},"author":{"name":"OnBalance","@id":"https:\/\/aquileaonbalance.com\/pt-pt\/#\/schema\/person\/7a6e457e2d79fb2901388b0f5f117d5f"},"headline":"A rela\u00e7\u00e3o entre o stress e a qualidade do sono","datePublished":"2024-11-23T17:08:22+00:00","dateModified":"2025-02-07T12:31:00+00:00","mainEntityOfPage":{"@id":"https:\/\/aquileaonbalance.com\/pt-pt\/a-relacao-entre-o-stress-e-a-qualidade-do-sono\/"},"wordCount":827,"commentCount":0,"publisher":{"@id":"https:\/\/aquileaonbalance.com\/pt-pt\/#organization"},"image":{"@id":"https:\/\/aquileaonbalance.com\/pt-pt\/a-relacao-entre-o-stress-e-a-qualidade-do-sono\/#primaryimage"},"thumbnailUrl":"https:\/\/aquileaonbalance.com\/wp-content\/uploads\/2024\/11\/SLEEP-estres-calidad-sue\u0e04o.jpg","articleSection":["Sleep"],"inLanguage":"pt-PT","potentialAction":[{"@type":"CommentAction","name":"Comment","target":["https:\/\/aquileaonbalance.com\/pt-pt\/a-relacao-entre-o-stress-e-a-qualidade-do-sono\/#respond"]}]},{"@type":"WebPage","@id":"https:\/\/aquileaonbalance.com\/pt-pt\/a-relacao-entre-o-stress-e-a-qualidade-do-sono\/","url":"https:\/\/aquileaonbalance.com\/pt-pt\/a-relacao-entre-o-stress-e-a-qualidade-do-sono\/","name":"A rela\u00e7\u00e3o entre o stress e a qualidade do sono - Aquilea OnBalance","isPartOf":{"@id":"https:\/\/aquileaonbalance.com\/pt-pt\/#website"},"primaryImageOfPage":{"@id":"https:\/\/aquileaonbalance.com\/pt-pt\/a-relacao-entre-o-stress-e-a-qualidade-do-sono\/#primaryimage"},"image":{"@id":"https:\/\/aquileaonbalance.com\/pt-pt\/a-relacao-entre-o-stress-e-a-qualidade-do-sono\/#primaryimage"},"thumbnailUrl":"https:\/\/aquileaonbalance.com\/wp-content\/uploads\/2024\/11\/SLEEP-estres-calidad-sue\u0e04o.jpg","datePublished":"2024-11-23T17:08:22+00:00","dateModified":"2025-02-07T12:31:00+00:00","breadcrumb":{"@id":"https:\/\/aquileaonbalance.com\/pt-pt\/a-relacao-entre-o-stress-e-a-qualidade-do-sono\/#breadcrumb"},"inLanguage":"pt-PT","potentialAction":[{"@type":"ReadAction","target":["https:\/\/aquileaonbalance.com\/pt-pt\/a-relacao-entre-o-stress-e-a-qualidade-do-sono\/"]}]},{"@type":"ImageObject","inLanguage":"pt-PT","@id":"https:\/\/aquileaonbalance.com\/pt-pt\/a-relacao-entre-o-stress-e-a-qualidade-do-sono\/#primaryimage","url":"https:\/\/aquileaonbalance.com\/wp-content\/uploads\/2024\/11\/SLEEP-estres-calidad-sue\u0e04o.jpg","contentUrl":"https:\/\/aquileaonbalance.com\/wp-content\/uploads\/2024\/11\/SLEEP-estres-calidad-sue\u0e04o.jpg","width":1500,"height":935},{"@type":"BreadcrumbList","@id":"https:\/\/aquileaonbalance.com\/pt-pt\/a-relacao-entre-o-stress-e-a-qualidade-do-sono\/#breadcrumb","itemListElement":[{"@type":"ListItem","position":1,"name":"Portada","item":"https:\/\/aquileaonbalance.com\/pt-pt\/"},{"@type":"ListItem","position":2,"name":"A rela\u00e7\u00e3o entre o stress e a qualidade do sono"}]},{"@type":"WebSite","@id":"https:\/\/aquileaonbalance.com\/pt-pt\/#website","url":"https:\/\/aquileaonbalance.com\/pt-pt\/","name":"Aquilea OnBalance","description":"","publisher":{"@id":"https:\/\/aquileaonbalance.com\/pt-pt\/#organization"},"potentialAction":[{"@type":"SearchAction","target":{"@type":"EntryPoint","urlTemplate":"https:\/\/aquileaonbalance.com\/pt-pt\/?s={search_term_string}"},"query-input":{"@type":"PropertyValueSpecification","valueRequired":true,"valueName":"search_term_string"}}],"inLanguage":"pt-PT"},{"@type":"Organization","@id":"https:\/\/aquileaonbalance.com\/pt-pt\/#organization","name":"On Balance","url":"https:\/\/aquileaonbalance.com\/pt-pt\/","logo":{"@type":"ImageObject","inLanguage":"pt-PT","@id":"https:\/\/aquileaonbalance.com\/pt-pt\/#\/schema\/logo\/image\/","url":"https:\/\/aquileaonbalance.com\/wp-content\/uploads\/2024\/11\/logo.png","contentUrl":"https:\/\/aquileaonbalance.com\/wp-content\/uploads\/2024\/11\/logo.png","width":501,"height":184,"caption":"On Balance"},"image":{"@id":"https:\/\/aquileaonbalance.com\/pt-pt\/#\/schema\/logo\/image\/"},"sameAs":["https:\/\/www.instagram.com\/onbalance_es\/"]},{"@type":"Person","@id":"https:\/\/aquileaonbalance.com\/pt-pt\/#\/schema\/person\/7a6e457e2d79fb2901388b0f5f117d5f","name":"OnBalance","image":{"@type":"ImageObject","inLanguage":"pt-PT","@id":"https:\/\/aquileaonbalance.com\/pt-pt\/#\/schema\/person\/image\/","url":"https:\/\/secure.gravatar.com\/avatar\/96b68193558e92f75b01e403ecd8fcffe514214495130989206f71dcd49afc8c?s=96&d=mm&r=g","contentUrl":"https:\/\/secure.gravatar.com\/avatar\/96b68193558e92f75b01e403ecd8fcffe514214495130989206f71dcd49afc8c?s=96&d=mm&r=g","caption":"OnBalance"},"sameAs":["https:\/\/aquileaonbalance.com"],"url":"https:\/\/aquileaonbalance.com\/pt-pt\/author\/onbalance\/"}]}},"_links":{"self":[{"href":"https:\/\/aquileaonbalance.com\/pt-pt\/wp-json\/wp\/v2\/posts\/25052","targetHints":{"allow":["GET"]}}],"collection":[{"href":"https:\/\/aquileaonbalance.com\/pt-pt\/wp-json\/wp\/v2\/posts"}],"about":[{"href":"https:\/\/aquileaonbalance.com\/pt-pt\/wp-json\/wp\/v2\/types\/post"}],"author":[{"embeddable":true,"href":"https:\/\/aquileaonbalance.com\/pt-pt\/wp-json\/wp\/v2\/users\/1"}],"replies":[{"embeddable":true,"href":"https:\/\/aquileaonbalance.com\/pt-pt\/wp-json\/wp\/v2\/comments?post=25052"}],"version-history":[{"count":3,"href":"https:\/\/aquileaonbalance.com\/pt-pt\/wp-json\/wp\/v2\/posts\/25052\/revisions"}],"predecessor-version":[{"id":25055,"href":"https:\/\/aquileaonbalance.com\/pt-pt\/wp-json\/wp\/v2\/posts\/25052\/revisions\/25055"}],"wp:featuredmedia":[{"embeddable":true,"href":"https:\/\/aquileaonbalance.com\/pt-pt\/wp-json\/wp\/v2\/media\/5487"}],"wp:attachment":[{"href":"https:\/\/aquileaonbalance.com\/pt-pt\/wp-json\/wp\/v2\/media?parent=25052"}],"wp:term":[{"taxonomy":"category","embeddable":true,"href":"https:\/\/aquileaonbalance.com\/pt-pt\/wp-json\/wp\/v2\/categories?post=25052"},{"taxonomy":"post_tag","embeddable":true,"href":"https:\/\/aquileaonbalance.com\/pt-pt\/wp-json\/wp\/v2\/tags?post=25052"}],"curies":[{"name":"wp","href":"https:\/\/api.w.org\/{rel}","templated":true}]}}