{"id":29650,"date":"2025-09-09T14:55:33","date_gmt":"2025-09-09T12:55:33","guid":{"rendered":"https:\/\/aquileaonbalance.com\/?p=29650"},"modified":"2025-09-09T14:55:33","modified_gmt":"2025-09-09T12:55:33","slug":"o-que-e-o-mindfulness-e-como-pratica-lo","status":"publish","type":"post","link":"https:\/\/aquileaonbalance.com\/pt-pt\/o-que-e-o-mindfulness-e-como-pratica-lo\/","title":{"rendered":"O que \u00e9 o mindfulness e como pratic\u00e1-lo?"},"content":{"rendered":"<p>Quantas vezes caminhamos at\u00e9 um lugar que nos \u00e9 familiar e percebemos que n\u00e3o sabemos como l\u00e1 chegamos? Poder\u00edamos dar muitos exemplos para mostrar a desconex\u00e3o com n\u00f3s mesmos e com o nosso ambiente, mas basta tentar lembrar quando foi a \u00faltima vez que nos sentamos no sof\u00e1 sem ligar a TV, o telefone ou qualquer objeto que estimule o nosso sistema nervoso e aproveitamos o momento presente.<\/p>\n<p>Neste artigo, vamos explicar em que consiste o <em>mindfulness<\/em>, os seus benef\u00edcios, como pratic\u00e1-lo e vamos mencionar algumas ferramentas da gama de <a href=\"https:\/\/aquileaonbalance.com\/pt-pt\/produtos\/\">Aquilea OnBalance<\/a> que ser\u00e3o de grande ajuda para a integrar na nossa rotina.<\/p>\n<h2>O que \u00e9 o mindfulness?<\/h2>\n<p>\u00c9 uma pr\u00e1tica que promove a aten\u00e7\u00e3o plena e livre de julgamento, ou seja, trata-se de tentar concentrar a aten\u00e7\u00e3o intencionalmente para tornar-se consciente da natureza dos objetos, pessoas e situa\u00e7\u00f5es que nos rodeiam, ou das emo\u00e7\u00f5es e pensamentos que nos ocorrem.<\/p>\n<p>Atrav\u00e9s desta pr\u00e1tica, podemos religar-nos \u00e0 nossa capacidade natural de estarmos totalmente acordados nas nossas vidas e ampliar as nossas capacidades relacionais, cognitivas ou experimentais. Desta forma, podemos aumentar a criatividade, a aprendizagem e a tomada de decis\u00f5es, e deixar de sentir torpor e estar em piloto autom\u00e1tico nas nossas pr\u00f3prias vidas.<\/p>\n<p>Cultivar a aten\u00e7\u00e3o plena permite-nos aumentar o nosso bem-estar f\u00edsico e emocional, propiciado pelo estado de calma que se procura com esta pr\u00e1tica.<br \/>\nNum estado de aten\u00e7\u00e3o plena podemos:<\/p>\n<ul>\n<li><strong><u>Reconhecer emo\u00e7\u00f5es<\/u><\/strong> e deix\u00e1-las seguir o seu curso sem se apegar a elas.<\/li>\n<li><strong><u>Identificar-nos com o nosso eu interior<\/u><\/strong>, com o ser, alheio ao contexto social que rodeia a pessoa.<\/li>\n<li><strong><u>Viver o momento presente<\/u><\/strong>, sem ter de levar a mente para o passado ou para o futuro.<\/li>\n<li><strong><u>Abra\u00e7ar a calma<\/u><\/strong>, que n\u00e3o \u00e9 o mesmo que deixar a mente em branco. Observar os pensamentos sem julgamento e sem tentar control\u00e1-los \u00e9 parte do <em>mindfulness<\/em>.<\/li>\n<\/ul>\n<h2>Que benef\u00edcios pode ter o mindfulness?<\/h2>\n<p>Numerosos estudos cient\u00edficos apoiam que a pr\u00e1tica continuada de <em>mindfulness<\/em> aumenta o bem-estar f\u00edsico e mental.<\/p>\n<ul>\n<li><strong><u>Melhoria das capacidades cognitivas.<\/u> <\/strong>Quando pausamos o excesso de estimula\u00e7\u00e3o a que submetemos o nosso sistema nervoso, podemos ver melhorias na mem\u00f3ria a curto prazo, reflexos aumentados, maior intui\u00e7\u00e3o, maior concentra\u00e7\u00e3o ou mais clareza quando se trata de tomada de decis\u00f5es.<\/li>\n<li><strong><u>Al\u00edvio do stress e melhoria da gest\u00e3o da ansiedade. <\/u><\/strong><\/li>\n<li><strong><u>Redu\u00e7\u00e3o dos n\u00edveis de dor.<\/u> <\/strong>O <em>mindfulness<\/em> prop\u00f5e a aceita\u00e7\u00e3o da dor consciente separada da emo\u00e7\u00e3o que acompanha a sensa\u00e7\u00e3o de desconforto.<\/li>\n<li><strong><u>Melhoria dos padr\u00f5es de sono. <\/u><\/strong><\/li>\n<li><strong><u>Diminui\u00e7\u00e3o da fadiga mental e f\u00edsica.<\/u><\/strong><\/li>\n<li><strong><u>Aumento da autoestima e da capacidade de desfrutar.<\/u><\/strong><\/li>\n<li><strong><u>Aumento da satisfa\u00e7\u00e3o no trabalho e melhoria na proje\u00e7\u00e3o de objetivos e na resolu\u00e7\u00e3o de problemas.<\/u><\/strong><\/li>\n<\/ul>\n<h2>Como praticar a mindfulness: exerc\u00edcios e conselhos<\/h2>\n<p>O <em>mindfulness<\/em> \u00e9 praticado direcionando a aten\u00e7\u00e3o para dentro no presente instante. Embora possa parecer simples, h\u00e1 uma dificuldade adicional, e isso \u00e9 que a nossa mente foi treinada para estar no modo multitarefa, quando o seu prop\u00f3sito original \u00e9 realizar uma tarefa cada vez. Portanto, o desafio \u00e9 lembrar \u00e0 nossa mente que a simultaneidade dos pensamentos n\u00e3o \u00e9 a sua miss\u00e3o e deixar passar as distra\u00e7\u00f5es sem perturbar a pr\u00e1tica da aten\u00e7\u00e3o plena.<\/p>\n<p>Abaixo est\u00e3o alguns pontos que nos ajudar\u00e3o a come\u00e7ar a pr\u00e1tica de <em>mindfulness<\/em>:<\/p>\n<ol>\n<li><strong>Escolha um ponto de foco.<\/strong> Pode escolher um objeto, paisagem, pessoa, animal, sensa\u00e7\u00e3o f\u00edsica ou a sua pr\u00f3pria respira\u00e7\u00e3o.<\/li>\n<li><strong>Se os est\u00edmulos externos interferirem nos seus pensamentos, n\u00e3o se apegue a eles, n\u00e3o os alimente.<\/strong> Por exemplo, se o seu ponto de foco \u00e9 uma \u00e1rvore no centro de um prado, mas come\u00e7am a soar os ru\u00eddos de um trator a trabalhar num campo pr\u00f3ximo e a sua mente se dispersar, deve redirecionar a aten\u00e7\u00e3o para o foco inicial.<\/li>\n<li><strong>Mantenha-se consciente e focado sem julgar.<\/strong> \u00c9 inevit\u00e1vel que, durante a pr\u00e1tica, apare\u00e7am pensamentos e emo\u00e7\u00f5es, mas devemos evitar o julgamento, compreendendo isto como uma interpreta\u00e7\u00e3o do que estamos a perceber. Por exemplo, durante a pr\u00e1tica percebemos um aroma de flores que nos leva a procurar associa\u00e7\u00f5es com outros aromas. <em>\u201cLembra-me do perfume que a minha m\u00e3e usa. Em breve \u00e9 o seu anivers\u00e1rio, talvez possa dar-lhe\u201d<\/em> Este voo de pensamento inconsciente leva a novas ramifica\u00e7\u00f5es que nos afastam do foco da aten\u00e7\u00e3o, por isso deve ser interrompido no momento da consci\u00eancia.\n<p>Nos casos em que \u00e9 dif\u00edcil manter a concentra\u00e7\u00e3o durante um longo per\u00edodo, podemos incluir o suplemento <a href=\"https:\/\/aquileaonbalance.com\/pt-pt\/produto\/focus\/\">FOCUS<\/a> de Aquilea OnBalance, que, gra\u00e7as \u00e0 combina\u00e7\u00e3o de <strong>Ashwagandha Sensoril\u00ae, eleuterococo e vitamina B5, ajuda a manter a aten\u00e7\u00e3o e melhora a mem\u00f3ria a curto prazo.<\/p>\n<p><\/strong><\/li>\n<li><strong>Desligue o piloto autom\u00e1tico.<\/strong> \u00c9 um comportamento que nos permite fazer a\u00e7\u00f5es b\u00e1sicas como vestir, tomar banho, andar ou dirigir&#8230; sem usar toda a nossa capacidade cognitiva. \u00c9 um h\u00e1bito que nos afasta da aten\u00e7\u00e3o plena e nos impede de estarmos conscientes das a\u00e7\u00f5es que somos capazes de realizar. Alguns conselhos que nos podem ajudar: mudar as rotas habituais, hor\u00e1rios alternativos na rotina, ou colocar desafios di\u00e1rios.<\/li>\n<\/ol>\n<p>A automa\u00e7\u00e3o est\u00e1 muitas vezes intimamente relacionada com dias stressantes em que n\u00e3o encontramos momentos de calma que nos equilibrem, por isso pode ser \u00fatil usar o suplemento <a href=\"https:\/\/aquileaonbalance.com\/pt-pt\/produto\/relax\/\">RELAX<\/a> de Aquilea OnBalance, cuja composi\u00e7\u00e3o combina <strong>Ashwagandha Sensoril\u00ae, GABA, melissa e lavanda para promover o relaxamento.<\/strong><\/p>\n<ol start=\"5\">\n<li><strong>Use as tarefas mon\u00f3tonas da rotina como uma oportunidade para praticar o <em>mindfulness<\/em>.<\/strong> Por exemplo: lavar pratos, pintar, organizar o arm\u00e1rio, passar roupa, etc. Estas s\u00e3o tarefas mec\u00e2nicas que, embora possam ser feitas no piloto autom\u00e1tico, nos d\u00e3o a oportunidade de praticar a aten\u00e7\u00e3o plena levando a mente ao momento presente.<\/li>\n<\/ol>\n<p>Como vimos, h\u00e1 v\u00e1rias maneiras de praticar o <em>mindfulness<\/em> diariamente. O ideal \u00e9 encontrar aquela que seja mais f\u00e1cil de integrar e manter na nossa rotina para que se torne um h\u00e1bito.<\/p>\n","protected":false},"excerpt":{"rendered":"<p>Quantas vezes caminhamos at\u00e9 um lugar que nos \u00e9 familiar e percebemos que n\u00e3o sabemos como l\u00e1 chegamos? Poder\u00edamos dar muitos exemplos para mostrar a desconex\u00e3o com n\u00f3s mesmos e com o nosso ambiente, mas basta tentar lembrar quando foi a \u00faltima vez que nos sentamos no sof\u00e1 sem ligar a TV, o telefone ou [&hellip;]<\/p>\n","protected":false},"author":6,"featured_media":29300,"comment_status":"open","ping_status":"open","sticky":false,"template":"","format":"standard","meta":{"_acf_changed":false,"footnotes":""},"categories":[79,46],"tags":[114,144,145],"class_list":["post-29650","post","type-post","status-publish","format-standard","has-post-thumbnail","hentry","category-focus-pt","category-relax-pt","tag-aquilea-onbalance-pt-pt","tag-bem-estar-emocional","tag-mindfulness-pt-pt"],"acf":[],"yoast_head":"<!-- This site is optimized with the Yoast SEO plugin v27.1 - https:\/\/yoast.com\/product\/yoast-seo-wordpress\/ -->\n<title>O que \u00e9 o mindfulness e como pratic\u00e1-lo? - Aquilea OnBalance<\/title>\n<meta name=\"description\" content=\"Descubra o que \u00e9 mindfulness, os seus benef\u00edcios e como pratic\u00e1-lo para reduzir o stress, viver o presente e melhorar o seu bem-estar di\u00e1rio.\" \/>\n<meta name=\"robots\" content=\"index, follow, max-snippet:-1, max-image-preview:large, max-video-preview:-1\" \/>\n<link rel=\"canonical\" href=\"https:\/\/aquileaonbalance.com\/pt-pt\/o-que-e-o-mindfulness-e-como-pratica-lo\/\" \/>\n<meta property=\"og:locale\" content=\"pt_PT\" \/>\n<meta property=\"og:type\" content=\"article\" \/>\n<meta property=\"og:title\" content=\"O que \u00e9 o mindfulness e como pratic\u00e1-lo? - Aquilea OnBalance\" \/>\n<meta property=\"og:description\" content=\"Descubra o que \u00e9 mindfulness, os seus benef\u00edcios e como pratic\u00e1-lo para reduzir o stress, viver o presente e melhorar o seu bem-estar di\u00e1rio.\" \/>\n<meta property=\"og:url\" content=\"https:\/\/aquileaonbalance.com\/pt-pt\/o-que-e-o-mindfulness-e-como-pratica-lo\/\" \/>\n<meta property=\"og:site_name\" content=\"Aquilea OnBalance\" \/>\n<meta property=\"article:published_time\" content=\"2025-09-09T12:55:33+00:00\" \/>\n<meta property=\"og:image\" content=\"https:\/\/aquileaonbalance.com\/wp-content\/uploads\/2025\/09\/MINDFULNESS_BLOG_OB_AGOSTO.jpg\" \/>\n\t<meta property=\"og:image:width\" content=\"1532\" \/>\n\t<meta property=\"og:image:height\" content=\"736\" \/>\n\t<meta property=\"og:image:type\" content=\"image\/jpeg\" \/>\n<meta name=\"author\" content=\"Arnau Mart\u00ednez\" \/>\n<meta name=\"twitter:card\" content=\"summary_large_image\" \/>\n<meta name=\"twitter:label1\" content=\"Escrito por\" \/>\n\t<meta name=\"twitter:data1\" content=\"Arnau Mart\u00ednez\" \/>\n\t<meta name=\"twitter:label2\" content=\"Tempo estimado de leitura\" \/>\n\t<meta name=\"twitter:data2\" content=\"5 minutos\" \/>\n<script type=\"application\/ld+json\" class=\"yoast-schema-graph\">{\"@context\":\"https:\/\/schema.org\",\"@graph\":[{\"@type\":\"Article\",\"@id\":\"https:\/\/aquileaonbalance.com\/pt-pt\/o-que-e-o-mindfulness-e-como-pratica-lo\/#article\",\"isPartOf\":{\"@id\":\"https:\/\/aquileaonbalance.com\/pt-pt\/o-que-e-o-mindfulness-e-como-pratica-lo\/\"},\"author\":{\"name\":\"Arnau Mart\u00ednez\",\"@id\":\"https:\/\/aquileaonbalance.com\/pt-pt\/#\/schema\/person\/8abbe6768f7521e0d445eedec14bd73f\"},\"headline\":\"O que \u00e9 o mindfulness e como pratic\u00e1-lo?\",\"datePublished\":\"2025-09-09T12:55:33+00:00\",\"mainEntityOfPage\":{\"@id\":\"https:\/\/aquileaonbalance.com\/pt-pt\/o-que-e-o-mindfulness-e-como-pratica-lo\/\"},\"wordCount\":1039,\"commentCount\":0,\"publisher\":{\"@id\":\"https:\/\/aquileaonbalance.com\/pt-pt\/#organization\"},\"image\":{\"@id\":\"https:\/\/aquileaonbalance.com\/pt-pt\/o-que-e-o-mindfulness-e-como-pratica-lo\/#primaryimage\"},\"thumbnailUrl\":\"https:\/\/aquileaonbalance.com\/wp-content\/uploads\/2025\/09\/MINDFULNESS_BLOG_OB_AGOSTO.jpg\",\"keywords\":[\"aquilea onbalance\",\"bem-estar emocional\",\"mindfulness\"],\"articleSection\":[\"Focus\",\"Relax\"],\"inLanguage\":\"pt-PT\",\"potentialAction\":[{\"@type\":\"CommentAction\",\"name\":\"Comment\",\"target\":[\"https:\/\/aquileaonbalance.com\/pt-pt\/o-que-e-o-mindfulness-e-como-pratica-lo\/#respond\"]}]},{\"@type\":\"WebPage\",\"@id\":\"https:\/\/aquileaonbalance.com\/pt-pt\/o-que-e-o-mindfulness-e-como-pratica-lo\/\",\"url\":\"https:\/\/aquileaonbalance.com\/pt-pt\/o-que-e-o-mindfulness-e-como-pratica-lo\/\",\"name\":\"O que \u00e9 o mindfulness e como pratic\u00e1-lo? - Aquilea OnBalance\",\"isPartOf\":{\"@id\":\"https:\/\/aquileaonbalance.com\/pt-pt\/#website\"},\"primaryImageOfPage\":{\"@id\":\"https:\/\/aquileaonbalance.com\/pt-pt\/o-que-e-o-mindfulness-e-como-pratica-lo\/#primaryimage\"},\"image\":{\"@id\":\"https:\/\/aquileaonbalance.com\/pt-pt\/o-que-e-o-mindfulness-e-como-pratica-lo\/#primaryimage\"},\"thumbnailUrl\":\"https:\/\/aquileaonbalance.com\/wp-content\/uploads\/2025\/09\/MINDFULNESS_BLOG_OB_AGOSTO.jpg\",\"datePublished\":\"2025-09-09T12:55:33+00:00\",\"description\":\"Descubra o que \u00e9 mindfulness, os seus benef\u00edcios e como pratic\u00e1-lo para reduzir o stress, viver o presente e melhorar o seu bem-estar di\u00e1rio.\",\"breadcrumb\":{\"@id\":\"https:\/\/aquileaonbalance.com\/pt-pt\/o-que-e-o-mindfulness-e-como-pratica-lo\/#breadcrumb\"},\"inLanguage\":\"pt-PT\",\"potentialAction\":[{\"@type\":\"ReadAction\",\"target\":[\"https:\/\/aquileaonbalance.com\/pt-pt\/o-que-e-o-mindfulness-e-como-pratica-lo\/\"]}]},{\"@type\":\"ImageObject\",\"inLanguage\":\"pt-PT\",\"@id\":\"https:\/\/aquileaonbalance.com\/pt-pt\/o-que-e-o-mindfulness-e-como-pratica-lo\/#primaryimage\",\"url\":\"https:\/\/aquileaonbalance.com\/wp-content\/uploads\/2025\/09\/MINDFULNESS_BLOG_OB_AGOSTO.jpg\",\"contentUrl\":\"https:\/\/aquileaonbalance.com\/wp-content\/uploads\/2025\/09\/MINDFULNESS_BLOG_OB_AGOSTO.jpg\",\"width\":1532,\"height\":736},{\"@type\":\"BreadcrumbList\",\"@id\":\"https:\/\/aquileaonbalance.com\/pt-pt\/o-que-e-o-mindfulness-e-como-pratica-lo\/#breadcrumb\",\"itemListElement\":[{\"@type\":\"ListItem\",\"position\":1,\"name\":\"Portada\",\"item\":\"https:\/\/aquileaonbalance.com\/pt-pt\/\"},{\"@type\":\"ListItem\",\"position\":2,\"name\":\"O que \u00e9 o mindfulness e como pratic\u00e1-lo?\"}]},{\"@type\":\"WebSite\",\"@id\":\"https:\/\/aquileaonbalance.com\/pt-pt\/#website\",\"url\":\"https:\/\/aquileaonbalance.com\/pt-pt\/\",\"name\":\"Aquilea OnBalance\",\"description\":\"\",\"publisher\":{\"@id\":\"https:\/\/aquileaonbalance.com\/pt-pt\/#organization\"},\"potentialAction\":[{\"@type\":\"SearchAction\",\"target\":{\"@type\":\"EntryPoint\",\"urlTemplate\":\"https:\/\/aquileaonbalance.com\/pt-pt\/?s={search_term_string}\"},\"query-input\":{\"@type\":\"PropertyValueSpecification\",\"valueRequired\":true,\"valueName\":\"search_term_string\"}}],\"inLanguage\":\"pt-PT\"},{\"@type\":\"Organization\",\"@id\":\"https:\/\/aquileaonbalance.com\/pt-pt\/#organization\",\"name\":\"On Balance\",\"url\":\"https:\/\/aquileaonbalance.com\/pt-pt\/\",\"logo\":{\"@type\":\"ImageObject\",\"inLanguage\":\"pt-PT\",\"@id\":\"https:\/\/aquileaonbalance.com\/pt-pt\/#\/schema\/logo\/image\/\",\"url\":\"https:\/\/aquileaonbalance.com\/wp-content\/uploads\/2024\/11\/logo.png\",\"contentUrl\":\"https:\/\/aquileaonbalance.com\/wp-content\/uploads\/2024\/11\/logo.png\",\"width\":501,\"height\":184,\"caption\":\"On Balance\"},\"image\":{\"@id\":\"https:\/\/aquileaonbalance.com\/pt-pt\/#\/schema\/logo\/image\/\"},\"sameAs\":[\"https:\/\/www.instagram.com\/onbalance_es\/\"]},{\"@type\":\"Person\",\"@id\":\"https:\/\/aquileaonbalance.com\/pt-pt\/#\/schema\/person\/8abbe6768f7521e0d445eedec14bd73f\",\"name\":\"Arnau Mart\u00ednez\",\"image\":{\"@type\":\"ImageObject\",\"inLanguage\":\"pt-PT\",\"@id\":\"https:\/\/aquileaonbalance.com\/pt-pt\/#\/schema\/person\/image\/\",\"url\":\"https:\/\/secure.gravatar.com\/avatar\/1f6753028aeba3b1a08ddfd2b941546cafe5cb3a0a80fd39bb40038a3ba65853?s=96&d=mm&r=g\",\"contentUrl\":\"https:\/\/secure.gravatar.com\/avatar\/1f6753028aeba3b1a08ddfd2b941546cafe5cb3a0a80fd39bb40038a3ba65853?s=96&d=mm&r=g\",\"caption\":\"Arnau Mart\u00ednez\"},\"url\":\"https:\/\/aquileaonbalance.com\/pt-pt\/author\/arnaumartinez\/\"}]}<\/script>\n<!-- \/ Yoast SEO plugin. -->","yoast_head_json":{"title":"O que \u00e9 o mindfulness e como pratic\u00e1-lo? - Aquilea OnBalance","description":"Descubra o que \u00e9 mindfulness, os seus benef\u00edcios e como pratic\u00e1-lo para reduzir o stress, viver o presente e melhorar o seu bem-estar di\u00e1rio.","robots":{"index":"index","follow":"follow","max-snippet":"max-snippet:-1","max-image-preview":"max-image-preview:large","max-video-preview":"max-video-preview:-1"},"canonical":"https:\/\/aquileaonbalance.com\/pt-pt\/o-que-e-o-mindfulness-e-como-pratica-lo\/","og_locale":"pt_PT","og_type":"article","og_title":"O que \u00e9 o mindfulness e como pratic\u00e1-lo? - Aquilea OnBalance","og_description":"Descubra o que \u00e9 mindfulness, os seus benef\u00edcios e como pratic\u00e1-lo para reduzir o stress, viver o presente e melhorar o seu bem-estar di\u00e1rio.","og_url":"https:\/\/aquileaonbalance.com\/pt-pt\/o-que-e-o-mindfulness-e-como-pratica-lo\/","og_site_name":"Aquilea OnBalance","article_published_time":"2025-09-09T12:55:33+00:00","og_image":[{"width":1532,"height":736,"url":"https:\/\/aquileaonbalance.com\/wp-content\/uploads\/2025\/09\/MINDFULNESS_BLOG_OB_AGOSTO.jpg","type":"image\/jpeg"}],"author":"Arnau Mart\u00ednez","twitter_card":"summary_large_image","twitter_misc":{"Escrito por":"Arnau Mart\u00ednez","Tempo estimado de leitura":"5 minutos"},"schema":{"@context":"https:\/\/schema.org","@graph":[{"@type":"Article","@id":"https:\/\/aquileaonbalance.com\/pt-pt\/o-que-e-o-mindfulness-e-como-pratica-lo\/#article","isPartOf":{"@id":"https:\/\/aquileaonbalance.com\/pt-pt\/o-que-e-o-mindfulness-e-como-pratica-lo\/"},"author":{"name":"Arnau Mart\u00ednez","@id":"https:\/\/aquileaonbalance.com\/pt-pt\/#\/schema\/person\/8abbe6768f7521e0d445eedec14bd73f"},"headline":"O que \u00e9 o mindfulness e como pratic\u00e1-lo?","datePublished":"2025-09-09T12:55:33+00:00","mainEntityOfPage":{"@id":"https:\/\/aquileaonbalance.com\/pt-pt\/o-que-e-o-mindfulness-e-como-pratica-lo\/"},"wordCount":1039,"commentCount":0,"publisher":{"@id":"https:\/\/aquileaonbalance.com\/pt-pt\/#organization"},"image":{"@id":"https:\/\/aquileaonbalance.com\/pt-pt\/o-que-e-o-mindfulness-e-como-pratica-lo\/#primaryimage"},"thumbnailUrl":"https:\/\/aquileaonbalance.com\/wp-content\/uploads\/2025\/09\/MINDFULNESS_BLOG_OB_AGOSTO.jpg","keywords":["aquilea onbalance","bem-estar emocional","mindfulness"],"articleSection":["Focus","Relax"],"inLanguage":"pt-PT","potentialAction":[{"@type":"CommentAction","name":"Comment","target":["https:\/\/aquileaonbalance.com\/pt-pt\/o-que-e-o-mindfulness-e-como-pratica-lo\/#respond"]}]},{"@type":"WebPage","@id":"https:\/\/aquileaonbalance.com\/pt-pt\/o-que-e-o-mindfulness-e-como-pratica-lo\/","url":"https:\/\/aquileaonbalance.com\/pt-pt\/o-que-e-o-mindfulness-e-como-pratica-lo\/","name":"O que \u00e9 o mindfulness e como pratic\u00e1-lo? - Aquilea OnBalance","isPartOf":{"@id":"https:\/\/aquileaonbalance.com\/pt-pt\/#website"},"primaryImageOfPage":{"@id":"https:\/\/aquileaonbalance.com\/pt-pt\/o-que-e-o-mindfulness-e-como-pratica-lo\/#primaryimage"},"image":{"@id":"https:\/\/aquileaonbalance.com\/pt-pt\/o-que-e-o-mindfulness-e-como-pratica-lo\/#primaryimage"},"thumbnailUrl":"https:\/\/aquileaonbalance.com\/wp-content\/uploads\/2025\/09\/MINDFULNESS_BLOG_OB_AGOSTO.jpg","datePublished":"2025-09-09T12:55:33+00:00","description":"Descubra o que \u00e9 mindfulness, os seus benef\u00edcios e como pratic\u00e1-lo para reduzir o stress, viver o presente e melhorar o seu bem-estar di\u00e1rio.","breadcrumb":{"@id":"https:\/\/aquileaonbalance.com\/pt-pt\/o-que-e-o-mindfulness-e-como-pratica-lo\/#breadcrumb"},"inLanguage":"pt-PT","potentialAction":[{"@type":"ReadAction","target":["https:\/\/aquileaonbalance.com\/pt-pt\/o-que-e-o-mindfulness-e-como-pratica-lo\/"]}]},{"@type":"ImageObject","inLanguage":"pt-PT","@id":"https:\/\/aquileaonbalance.com\/pt-pt\/o-que-e-o-mindfulness-e-como-pratica-lo\/#primaryimage","url":"https:\/\/aquileaonbalance.com\/wp-content\/uploads\/2025\/09\/MINDFULNESS_BLOG_OB_AGOSTO.jpg","contentUrl":"https:\/\/aquileaonbalance.com\/wp-content\/uploads\/2025\/09\/MINDFULNESS_BLOG_OB_AGOSTO.jpg","width":1532,"height":736},{"@type":"BreadcrumbList","@id":"https:\/\/aquileaonbalance.com\/pt-pt\/o-que-e-o-mindfulness-e-como-pratica-lo\/#breadcrumb","itemListElement":[{"@type":"ListItem","position":1,"name":"Portada","item":"https:\/\/aquileaonbalance.com\/pt-pt\/"},{"@type":"ListItem","position":2,"name":"O que \u00e9 o mindfulness e como pratic\u00e1-lo?"}]},{"@type":"WebSite","@id":"https:\/\/aquileaonbalance.com\/pt-pt\/#website","url":"https:\/\/aquileaonbalance.com\/pt-pt\/","name":"Aquilea OnBalance","description":"","publisher":{"@id":"https:\/\/aquileaonbalance.com\/pt-pt\/#organization"},"potentialAction":[{"@type":"SearchAction","target":{"@type":"EntryPoint","urlTemplate":"https:\/\/aquileaonbalance.com\/pt-pt\/?s={search_term_string}"},"query-input":{"@type":"PropertyValueSpecification","valueRequired":true,"valueName":"search_term_string"}}],"inLanguage":"pt-PT"},{"@type":"Organization","@id":"https:\/\/aquileaonbalance.com\/pt-pt\/#organization","name":"On Balance","url":"https:\/\/aquileaonbalance.com\/pt-pt\/","logo":{"@type":"ImageObject","inLanguage":"pt-PT","@id":"https:\/\/aquileaonbalance.com\/pt-pt\/#\/schema\/logo\/image\/","url":"https:\/\/aquileaonbalance.com\/wp-content\/uploads\/2024\/11\/logo.png","contentUrl":"https:\/\/aquileaonbalance.com\/wp-content\/uploads\/2024\/11\/logo.png","width":501,"height":184,"caption":"On Balance"},"image":{"@id":"https:\/\/aquileaonbalance.com\/pt-pt\/#\/schema\/logo\/image\/"},"sameAs":["https:\/\/www.instagram.com\/onbalance_es\/"]},{"@type":"Person","@id":"https:\/\/aquileaonbalance.com\/pt-pt\/#\/schema\/person\/8abbe6768f7521e0d445eedec14bd73f","name":"Arnau Mart\u00ednez","image":{"@type":"ImageObject","inLanguage":"pt-PT","@id":"https:\/\/aquileaonbalance.com\/pt-pt\/#\/schema\/person\/image\/","url":"https:\/\/secure.gravatar.com\/avatar\/1f6753028aeba3b1a08ddfd2b941546cafe5cb3a0a80fd39bb40038a3ba65853?s=96&d=mm&r=g","contentUrl":"https:\/\/secure.gravatar.com\/avatar\/1f6753028aeba3b1a08ddfd2b941546cafe5cb3a0a80fd39bb40038a3ba65853?s=96&d=mm&r=g","caption":"Arnau Mart\u00ednez"},"url":"https:\/\/aquileaonbalance.com\/pt-pt\/author\/arnaumartinez\/"}]}},"_links":{"self":[{"href":"https:\/\/aquileaonbalance.com\/pt-pt\/wp-json\/wp\/v2\/posts\/29650","targetHints":{"allow":["GET"]}}],"collection":[{"href":"https:\/\/aquileaonbalance.com\/pt-pt\/wp-json\/wp\/v2\/posts"}],"about":[{"href":"https:\/\/aquileaonbalance.com\/pt-pt\/wp-json\/wp\/v2\/types\/post"}],"author":[{"embeddable":true,"href":"https:\/\/aquileaonbalance.com\/pt-pt\/wp-json\/wp\/v2\/users\/6"}],"replies":[{"embeddable":true,"href":"https:\/\/aquileaonbalance.com\/pt-pt\/wp-json\/wp\/v2\/comments?post=29650"}],"version-history":[{"count":1,"href":"https:\/\/aquileaonbalance.com\/pt-pt\/wp-json\/wp\/v2\/posts\/29650\/revisions"}],"predecessor-version":[{"id":29651,"href":"https:\/\/aquileaonbalance.com\/pt-pt\/wp-json\/wp\/v2\/posts\/29650\/revisions\/29651"}],"wp:featuredmedia":[{"embeddable":true,"href":"https:\/\/aquileaonbalance.com\/pt-pt\/wp-json\/wp\/v2\/media\/29300"}],"wp:attachment":[{"href":"https:\/\/aquileaonbalance.com\/pt-pt\/wp-json\/wp\/v2\/media?parent=29650"}],"wp:term":[{"taxonomy":"category","embeddable":true,"href":"https:\/\/aquileaonbalance.com\/pt-pt\/wp-json\/wp\/v2\/categories?post=29650"},{"taxonomy":"post_tag","embeddable":true,"href":"https:\/\/aquileaonbalance.com\/pt-pt\/wp-json\/wp\/v2\/tags?post=29650"}],"curies":[{"name":"wp","href":"https:\/\/api.w.org\/{rel}","templated":true}]}}